{"id":3791,"date":"2024-06-11T09:50:48","date_gmt":"2024-06-11T14:50:48","guid":{"rendered":"https:\/\/suziebeaudoin.com\/?post_type=blog&#038;p=3791"},"modified":"2024-06-11T09:58:05","modified_gmt":"2024-06-11T14:58:05","slug":"reaction-en-coulisse-post-reception-prix-36e-edition-du-gala-du-merite-economique-de-sorel-tracy","status":"publish","type":"blog","link":"https:\/\/suziebeaudoin.com\/en\/blog\/reaction-en-coulisse-post-reception-prix-36e-edition-du-gala-du-merite-economique-de-sorel-tracy\/","title":{"rendered":"R\u00e9action en coulisse post r\u00e9ception prix 36e \u00c9dition du Gala du M\u00e9rite \u00c9conomique de Sorel-Tracy"},"content":{"rendered":"<p><iframe title=\"R\u00e9action en coulisse post r\u00e9ception prix Gala du M\u00e9rite \u00c9conomique de Sorel-Tracy\" width=\"800\" height=\"450\" src=\"https:\/\/www.youtube.com\/embed\/V9SNhHyCp98?feature=oembed\" frameborder=\"0\" allow=\"accelerometer; autoplay; clipboard-write; encrypted-media; gyroscope; picture-in-picture; web-share\" referrerpolicy=\"strict-origin-when-cross-origin\" allowfullscreen><\/iframe><\/p>\n","protected":false},"featured_media":3803,"template":"","blog-categories":[61],"class_list":["post-3791","blog","type-blog","status-publish","has-post-thumbnail","hentry","blog-categories-couverture-mediatique"],"_links":{"self":[{"href":"https:\/\/suziebeaudoin.com\/en\/wp-json\/wp\/v2\/blog\/3791","targetHints":{"allow":["GET"]}}],"collection":[{"href":"https:\/\/suziebeaudoin.com\/en\/wp-json\/wp\/v2\/blog"}],"about":[{"href":"https:\/\/suziebeaudoin.com\/en\/wp-json\/wp\/v2\/types\/blog"}],"wp:featuredmedia":[{"embeddable":true,"href":"https:\/\/suziebeaudoin.com\/en\/wp-json\/wp\/v2\/media\/3803"}],"wp:attachment":[{"href":"https:\/\/suziebeaudoin.com\/en\/wp-json\/wp\/v2\/media?parent=3791"}],"wp:term":[{"taxonomy":"blog-categories","embeddable":true,"href":"https:\/\/suziebeaudoin.com\/en\/wp-json\/wp\/v2\/blog-categories?post=3791"}],"curies":[{"name":"wp","href":"https:\/\/api.w.org\/{rel}","templated":true}]}}